{"id":8629,"date":"2024-06-13T12:04:00","date_gmt":"2024-06-13T12:04:00","guid":{"rendered":"https:\/\/energia.imdea.org\/imdea-energia-analiza-junto-a-empresas-e-instituciones-los-retos-de-la-economia-circular-desde-la-perspectiva-de-los-bio-residuos\/"},"modified":"2024-06-13T12:33:18","modified_gmt":"2024-06-13T12:33:18","slug":"imdea-energia-analiza-junto-a-empresas-e-instituciones-los-retos-de-la-economia-circular-desde-la-perspectiva-de-los-bio-residuos","status":"publish","type":"post","link":"http:\/\/energia.imdea.org\/en\/imdea-energia-analiza-junto-a-empresas-e-instituciones-los-retos-de-la-economia-circular-desde-la-perspectiva-de-los-bio-residuos\/","title":{"rendered":"IMDEA Energy analyses together with companies and institutions the challenges of the circular economy from the perspective of bio-waste"},"content":{"rendered":"<p>How is the scientific and industrial sector facing the challenge of the energy transition and the circular economy?<\/p>\n<p>To analyse it, this week at IMDEA Energ\u00eda we have had the participation of key players from different institutions and companies in the framework of a conference on sustainable products and fuels.<\/p>\n<p>After the opening of the event by the Director of IMDEA Energ\u00eda, David Serrano Granados, who presented the centre and the main lines of research, scientific staff from IMDEA Energ\u00eda and the Rey Juan Carlos University detailed advances and results in the processes of advanced catalytic pyrolysis of lignocellulose and the valorisation of stillage and digestate in the <a href=\"http:\/\/energia.imdea.org\/en\/porfolio\/unidad-upgres\/\">UPGRES Project.<\/a><\/p>\n<p>Estibaliz Castillo Ovejero, Senior Scientist in Circular Economy at Repsol, and Luis Alberto Sebasti\u00e1n Gonz\u00e1lez, Technical Director of Genia Bionergy, explained how the company works with bio-based waste and its integration in refinery processes, while Marisa Hern\u00e1ndez Latorre, CEO of Ingelia, presented hydrothermal carbonisation to the audience.<\/p>\n<p>For her part, Susana Pelegrin Preixens. Deputy Technical Director, FCC \u00c1mbito, spoke about the importance of waste as raw materials, and Jes\u00fas Mar\u00eda Lata P\u00e9rez, Technology Director at Sener, highlighted the role of technology in industrial processes.<\/p>\n<p>The meeting ended with a round table discussion in which speakers and attendees resolved queries and debated ways to promote the technological, economic, energy, industrial and social challenge of moving towards a more sustainable society.<\/p>\n","protected":false},"excerpt":{"rendered":"<p>How is the scientific and industrial sector facing the challenge of the energy transition and the circular economy? To analyse it, this week at IMDEA Energ\u00eda we have had the [&hellip;]<\/p>\n<p><a href=\"http:\/\/energia.imdea.org\/en\/imdea-energia-analiza-junto-a-empresas-e-instituciones-los-retos-de-la-economia-circular-desde-la-perspectiva-de-los-bio-residuos\/\" class=\"more-link style1-button\">Read More<\/a><\/p>","protected":false},"author":3,"featured_media":8627,"comment_status":"closed","ping_status":"closed","sticky":false,"template":"","format":"standard","meta":{"_vp_format_video_url":"","_vp_image_focal_point":[],"footnotes":""},"categories":[],"tags":[],"class_list":["post-8629","post","type-post","status-publish","format-standard","has-post-thumbnail","hentry"],"yoast_head":"<!-- This site is optimized with the Yoast SEO plugin v28.4 - https:\/\/yoast.com\/product\/yoast-seo-wordpress\/ -->\n<title>IMDEA Energy analyses together with companies and institutions the challenges of the circular economy from the perspective of bio-waste - IMDEA ENERG\u00cdA<\/title>\n<meta name=\"robots\" content=\"index, follow, max-snippet:-1, max-image-preview:large, max-video-preview:-1\" \/>\n<link rel=\"canonical\" href=\"http:\/\/energia.imdea.org\/en\/imdea-energia-analiza-junto-a-empresas-e-instituciones-los-retos-de-la-economia-circular-desde-la-perspectiva-de-los-bio-residuos\/\" \/>\n<meta property=\"og:locale\" content=\"en_US\" \/>\n<meta property=\"og:type\" content=\"article\" \/>\n<meta property=\"og:title\" content=\"IMDEA Energy analyses together with companies and institutions the challenges of the circular economy from the perspective of bio-waste - IMDEA ENERG\u00cdA\" \/>\n<meta property=\"og:description\" content=\"How is the scientific and industrial sector facing the challenge of the energy transition and the circular economy? To analyse it, this week at IMDEA Energ\u00eda we have had the [&hellip;]\" \/>\n<meta property=\"og:url\" content=\"http:\/\/energia.imdea.org\/en\/imdea-energia-analiza-junto-a-empresas-e-instituciones-los-retos-de-la-economia-circular-desde-la-perspectiva-de-los-bio-residuos\/\" \/>\n<meta property=\"og:site_name\" content=\"IMDEA ENERG\u00cdA\" \/>\n<meta property=\"article:published_time\" content=\"2024-06-13T12:04:00+00:00\" \/>\n<meta property=\"article:modified_time\" content=\"2024-06-13T12:33:18+00:00\" \/>\n<meta property=\"og:image\" content=\"http:\/\/energia.imdea.org\/wp-content\/uploads\/2024\/06\/FOTO-NOTICIAS-WEB-2024-06-13T132217.417.png\" \/>\n\t<meta property=\"og:image:width\" content=\"900\" \/>\n\t<meta property=\"og:image:height\" content=\"600\" \/>\n\t<meta property=\"og:image:type\" content=\"image\/png\" \/>\n<meta name=\"author\" content=\"Lorena Mart\u00ednez Esquinas\" \/>\n<meta name=\"twitter:card\" content=\"summary_large_image\" \/>\n<meta name=\"twitter:label1\" content=\"Written by\" \/>\n\t<meta name=\"twitter:data1\" content=\"Lorena Mart\u00ednez Esquinas\" \/>\n\t<meta name=\"twitter:label2\" content=\"Est. reading time\" \/>\n\t<meta name=\"twitter:data2\" content=\"2 minutes\" \/>\n<script type=\"application\/ld+json\" class=\"yoast-schema-graph\">{\"@context\":\"https:\\\/\\\/schema.org\",\"@graph\":[{\"@type\":\"Article\",\"@id\":\"http:\\\/\\\/energia.imdea.org\\\/en\\\/imdea-energia-analiza-junto-a-empresas-e-instituciones-los-retos-de-la-economia-circular-desde-la-perspectiva-de-los-bio-residuos\\\/#article\",\"isPartOf\":{\"@id\":\"http:\\\/\\\/energia.imdea.org\\\/en\\\/imdea-energia-analiza-junto-a-empresas-e-instituciones-los-retos-de-la-economia-circular-desde-la-perspectiva-de-los-bio-residuos\\\/\"},\"author\":{\"name\":\"Lorena Mart\u00ednez Esquinas\",\"@id\":\"https:\\\/\\\/energia.imdea.org\\\/#\\\/schema\\\/person\\\/207c88654a5ad1ec2d91416c77a99ca4\"},\"headline\":\"IMDEA Energy analyses together with companies and institutions the challenges of the circular economy from the perspective of bio-waste\",\"datePublished\":\"2024-06-13T12:04:00+00:00\",\"dateModified\":\"2024-06-13T12:33:18+00:00\",\"mainEntityOfPage\":{\"@id\":\"http:\\\/\\\/energia.imdea.org\\\/en\\\/imdea-energia-analiza-junto-a-empresas-e-instituciones-los-retos-de-la-economia-circular-desde-la-perspectiva-de-los-bio-residuos\\\/\"},\"wordCount\":257,\"image\":{\"@id\":\"http:\\\/\\\/energia.imdea.org\\\/en\\\/imdea-energia-analiza-junto-a-empresas-e-instituciones-los-retos-de-la-economia-circular-desde-la-perspectiva-de-los-bio-residuos\\\/#primaryimage\"},\"thumbnailUrl\":\"http:\\\/\\\/energia.imdea.org\\\/wp-content\\\/uploads\\\/2024\\\/06\\\/FOTO-NOTICIAS-WEB-2024-06-13T132217.417.png\",\"inLanguage\":\"en-US\"},{\"@type\":\"WebPage\",\"@id\":\"http:\\\/\\\/energia.imdea.org\\\/en\\\/imdea-energia-analiza-junto-a-empresas-e-instituciones-los-retos-de-la-economia-circular-desde-la-perspectiva-de-los-bio-residuos\\\/\",\"url\":\"http:\\\/\\\/energia.imdea.org\\\/en\\\/imdea-energia-analiza-junto-a-empresas-e-instituciones-los-retos-de-la-economia-circular-desde-la-perspectiva-de-los-bio-residuos\\\/\",\"name\":\"IMDEA Energy analyses together with companies and institutions the challenges of the circular economy from the perspective of bio-waste - IMDEA ENERG\u00cdA\",\"isPartOf\":{\"@id\":\"https:\\\/\\\/energia.imdea.org\\\/#website\"},\"primaryImageOfPage\":{\"@id\":\"http:\\\/\\\/energia.imdea.org\\\/en\\\/imdea-energia-analiza-junto-a-empresas-e-instituciones-los-retos-de-la-economia-circular-desde-la-perspectiva-de-los-bio-residuos\\\/#primaryimage\"},\"image\":{\"@id\":\"http:\\\/\\\/energia.imdea.org\\\/en\\\/imdea-energia-analiza-junto-a-empresas-e-instituciones-los-retos-de-la-economia-circular-desde-la-perspectiva-de-los-bio-residuos\\\/#primaryimage\"},\"thumbnailUrl\":\"http:\\\/\\\/energia.imdea.org\\\/wp-content\\\/uploads\\\/2024\\\/06\\\/FOTO-NOTICIAS-WEB-2024-06-13T132217.417.png\",\"datePublished\":\"2024-06-13T12:04:00+00:00\",\"dateModified\":\"2024-06-13T12:33:18+00:00\",\"author\":{\"@id\":\"https:\\\/\\\/energia.imdea.org\\\/#\\\/schema\\\/person\\\/207c88654a5ad1ec2d91416c77a99ca4\"},\"breadcrumb\":{\"@id\":\"http:\\\/\\\/energia.imdea.org\\\/en\\\/imdea-energia-analiza-junto-a-empresas-e-instituciones-los-retos-de-la-economia-circular-desde-la-perspectiva-de-los-bio-residuos\\\/#breadcrumb\"},\"inLanguage\":\"en-US\",\"potentialAction\":[{\"@type\":\"ReadAction\",\"target\":[\"http:\\\/\\\/energia.imdea.org\\\/en\\\/imdea-energia-analiza-junto-a-empresas-e-instituciones-los-retos-de-la-economia-circular-desde-la-perspectiva-de-los-bio-residuos\\\/\"]}]},{\"@type\":\"ImageObject\",\"inLanguage\":\"en-US\",\"@id\":\"http:\\\/\\\/energia.imdea.org\\\/en\\\/imdea-energia-analiza-junto-a-empresas-e-instituciones-los-retos-de-la-economia-circular-desde-la-perspectiva-de-los-bio-residuos\\\/#primaryimage\",\"url\":\"http:\\\/\\\/energia.imdea.org\\\/wp-content\\\/uploads\\\/2024\\\/06\\\/FOTO-NOTICIAS-WEB-2024-06-13T132217.417.png\",\"contentUrl\":\"http:\\\/\\\/energia.imdea.org\\\/wp-content\\\/uploads\\\/2024\\\/06\\\/FOTO-NOTICIAS-WEB-2024-06-13T132217.417.png\",\"width\":900,\"height\":600},{\"@type\":\"BreadcrumbList\",\"@id\":\"http:\\\/\\\/energia.imdea.org\\\/en\\\/imdea-energia-analiza-junto-a-empresas-e-instituciones-los-retos-de-la-economia-circular-desde-la-perspectiva-de-los-bio-residuos\\\/#breadcrumb\",\"itemListElement\":[{\"@type\":\"ListItem\",\"position\":1,\"name\":\"Portada\",\"item\":\"https:\\\/\\\/energia.imdea.org\\\/en\\\/\"},{\"@type\":\"ListItem\",\"position\":2,\"name\":\"IMDEA Energy analyses together with companies and institutions the challenges of the circular economy from the perspective of bio-waste\"}]},{\"@type\":\"WebSite\",\"@id\":\"https:\\\/\\\/energia.imdea.org\\\/#website\",\"url\":\"https:\\\/\\\/energia.imdea.org\\\/\",\"name\":\"IMDEA ENERG\u00cdA\",\"description\":\"Otro sitio realizado con WordPress\",\"potentialAction\":[{\"@type\":\"SearchAction\",\"target\":{\"@type\":\"EntryPoint\",\"urlTemplate\":\"https:\\\/\\\/energia.imdea.org\\\/?s={search_term_string}\"},\"query-input\":{\"@type\":\"PropertyValueSpecification\",\"valueRequired\":true,\"valueName\":\"search_term_string\"}}],\"inLanguage\":\"en-US\"},{\"@type\":\"Person\",\"@id\":\"https:\\\/\\\/energia.imdea.org\\\/#\\\/schema\\\/person\\\/207c88654a5ad1ec2d91416c77a99ca4\",\"name\":\"Lorena Mart\u00ednez Esquinas\",\"image\":{\"@type\":\"ImageObject\",\"inLanguage\":\"en-US\",\"@id\":\"https:\\\/\\\/secure.gravatar.com\\\/avatar\\\/f51d642e23e8a818a635f249b078ac1e36fbc8faf1f8ebe5c51c4c15dc949b8c?s=96&d=mm&r=g\",\"url\":\"https:\\\/\\\/secure.gravatar.com\\\/avatar\\\/f51d642e23e8a818a635f249b078ac1e36fbc8faf1f8ebe5c51c4c15dc949b8c?s=96&d=mm&r=g\",\"contentUrl\":\"https:\\\/\\\/secure.gravatar.com\\\/avatar\\\/f51d642e23e8a818a635f249b078ac1e36fbc8faf1f8ebe5c51c4c15dc949b8c?s=96&d=mm&r=g\",\"caption\":\"Lorena Mart\u00ednez Esquinas\"},\"url\":\"http:\\\/\\\/energia.imdea.org\\\/en\\\/author\\\/lorena-esquinasimdea-org\\\/\"}]}<\/script>\n<!-- \/ Yoast SEO plugin. -->","yoast_head_json":{"title":"IMDEA Energy analyses together with companies and institutions the challenges of the circular economy from the perspective of bio-waste - IMDEA ENERG\u00cdA","robots":{"index":"index","follow":"follow","max-snippet":"max-snippet:-1","max-image-preview":"max-image-preview:large","max-video-preview":"max-video-preview:-1"},"canonical":"http:\/\/energia.imdea.org\/en\/imdea-energia-analiza-junto-a-empresas-e-instituciones-los-retos-de-la-economia-circular-desde-la-perspectiva-de-los-bio-residuos\/","og_locale":"en_US","og_type":"article","og_title":"IMDEA Energy analyses together with companies and institutions the challenges of the circular economy from the perspective of bio-waste - IMDEA ENERG\u00cdA","og_description":"How is the scientific and industrial sector facing the challenge of the energy transition and the circular economy? To analyse it, this week at IMDEA Energ\u00eda we have had the [&hellip;]","og_url":"http:\/\/energia.imdea.org\/en\/imdea-energia-analiza-junto-a-empresas-e-instituciones-los-retos-de-la-economia-circular-desde-la-perspectiva-de-los-bio-residuos\/","og_site_name":"IMDEA ENERG\u00cdA","article_published_time":"2024-06-13T12:04:00+00:00","article_modified_time":"2024-06-13T12:33:18+00:00","og_image":[{"width":900,"height":600,"url":"http:\/\/energia.imdea.org\/wp-content\/uploads\/2024\/06\/FOTO-NOTICIAS-WEB-2024-06-13T132217.417.png","type":"image\/png"}],"author":"Lorena Mart\u00ednez Esquinas","twitter_card":"summary_large_image","twitter_misc":{"Written by":"Lorena Mart\u00ednez Esquinas","Est. reading time":"2 minutes"},"schema":{"@context":"https:\/\/schema.org","@graph":[{"@type":"Article","@id":"http:\/\/energia.imdea.org\/en\/imdea-energia-analiza-junto-a-empresas-e-instituciones-los-retos-de-la-economia-circular-desde-la-perspectiva-de-los-bio-residuos\/#article","isPartOf":{"@id":"http:\/\/energia.imdea.org\/en\/imdea-energia-analiza-junto-a-empresas-e-instituciones-los-retos-de-la-economia-circular-desde-la-perspectiva-de-los-bio-residuos\/"},"author":{"name":"Lorena Mart\u00ednez Esquinas","@id":"https:\/\/energia.imdea.org\/#\/schema\/person\/207c88654a5ad1ec2d91416c77a99ca4"},"headline":"IMDEA Energy analyses together with companies and institutions the challenges of the circular economy from the perspective of bio-waste","datePublished":"2024-06-13T12:04:00+00:00","dateModified":"2024-06-13T12:33:18+00:00","mainEntityOfPage":{"@id":"http:\/\/energia.imdea.org\/en\/imdea-energia-analiza-junto-a-empresas-e-instituciones-los-retos-de-la-economia-circular-desde-la-perspectiva-de-los-bio-residuos\/"},"wordCount":257,"image":{"@id":"http:\/\/energia.imdea.org\/en\/imdea-energia-analiza-junto-a-empresas-e-instituciones-los-retos-de-la-economia-circular-desde-la-perspectiva-de-los-bio-residuos\/#primaryimage"},"thumbnailUrl":"http:\/\/energia.imdea.org\/wp-content\/uploads\/2024\/06\/FOTO-NOTICIAS-WEB-2024-06-13T132217.417.png","inLanguage":"en-US"},{"@type":"WebPage","@id":"http:\/\/energia.imdea.org\/en\/imdea-energia-analiza-junto-a-empresas-e-instituciones-los-retos-de-la-economia-circular-desde-la-perspectiva-de-los-bio-residuos\/","url":"http:\/\/energia.imdea.org\/en\/imdea-energia-analiza-junto-a-empresas-e-instituciones-los-retos-de-la-economia-circular-desde-la-perspectiva-de-los-bio-residuos\/","name":"IMDEA Energy analyses together with companies and institutions the challenges of the circular economy from the perspective of bio-waste - IMDEA ENERG\u00cdA","isPartOf":{"@id":"https:\/\/energia.imdea.org\/#website"},"primaryImageOfPage":{"@id":"http:\/\/energia.imdea.org\/en\/imdea-energia-analiza-junto-a-empresas-e-instituciones-los-retos-de-la-economia-circular-desde-la-perspectiva-de-los-bio-residuos\/#primaryimage"},"image":{"@id":"http:\/\/energia.imdea.org\/en\/imdea-energia-analiza-junto-a-empresas-e-instituciones-los-retos-de-la-economia-circular-desde-la-perspectiva-de-los-bio-residuos\/#primaryimage"},"thumbnailUrl":"http:\/\/energia.imdea.org\/wp-content\/uploads\/2024\/06\/FOTO-NOTICIAS-WEB-2024-06-13T132217.417.png","datePublished":"2024-06-13T12:04:00+00:00","dateModified":"2024-06-13T12:33:18+00:00","author":{"@id":"https:\/\/energia.imdea.org\/#\/schema\/person\/207c88654a5ad1ec2d91416c77a99ca4"},"breadcrumb":{"@id":"http:\/\/energia.imdea.org\/en\/imdea-energia-analiza-junto-a-empresas-e-instituciones-los-retos-de-la-economia-circular-desde-la-perspectiva-de-los-bio-residuos\/#breadcrumb"},"inLanguage":"en-US","potentialAction":[{"@type":"ReadAction","target":["http:\/\/energia.imdea.org\/en\/imdea-energia-analiza-junto-a-empresas-e-instituciones-los-retos-de-la-economia-circular-desde-la-perspectiva-de-los-bio-residuos\/"]}]},{"@type":"ImageObject","inLanguage":"en-US","@id":"http:\/\/energia.imdea.org\/en\/imdea-energia-analiza-junto-a-empresas-e-instituciones-los-retos-de-la-economia-circular-desde-la-perspectiva-de-los-bio-residuos\/#primaryimage","url":"http:\/\/energia.imdea.org\/wp-content\/uploads\/2024\/06\/FOTO-NOTICIAS-WEB-2024-06-13T132217.417.png","contentUrl":"http:\/\/energia.imdea.org\/wp-content\/uploads\/2024\/06\/FOTO-NOTICIAS-WEB-2024-06-13T132217.417.png","width":900,"height":600},{"@type":"BreadcrumbList","@id":"http:\/\/energia.imdea.org\/en\/imdea-energia-analiza-junto-a-empresas-e-instituciones-los-retos-de-la-economia-circular-desde-la-perspectiva-de-los-bio-residuos\/#breadcrumb","itemListElement":[{"@type":"ListItem","position":1,"name":"Portada","item":"https:\/\/energia.imdea.org\/en\/"},{"@type":"ListItem","position":2,"name":"IMDEA Energy analyses together with companies and institutions the challenges of the circular economy from the perspective of bio-waste"}]},{"@type":"WebSite","@id":"https:\/\/energia.imdea.org\/#website","url":"https:\/\/energia.imdea.org\/","name":"IMDEA ENERG\u00cdA","description":"Otro sitio realizado con WordPress","potentialAction":[{"@type":"SearchAction","target":{"@type":"EntryPoint","urlTemplate":"https:\/\/energia.imdea.org\/?s={search_term_string}"},"query-input":{"@type":"PropertyValueSpecification","valueRequired":true,"valueName":"search_term_string"}}],"inLanguage":"en-US"},{"@type":"Person","@id":"https:\/\/energia.imdea.org\/#\/schema\/person\/207c88654a5ad1ec2d91416c77a99ca4","name":"Lorena Mart\u00ednez Esquinas","image":{"@type":"ImageObject","inLanguage":"en-US","@id":"https:\/\/secure.gravatar.com\/avatar\/f51d642e23e8a818a635f249b078ac1e36fbc8faf1f8ebe5c51c4c15dc949b8c?s=96&d=mm&r=g","url":"https:\/\/secure.gravatar.com\/avatar\/f51d642e23e8a818a635f249b078ac1e36fbc8faf1f8ebe5c51c4c15dc949b8c?s=96&d=mm&r=g","contentUrl":"https:\/\/secure.gravatar.com\/avatar\/f51d642e23e8a818a635f249b078ac1e36fbc8faf1f8ebe5c51c4c15dc949b8c?s=96&d=mm&r=g","caption":"Lorena Mart\u00ednez Esquinas"},"url":"http:\/\/energia.imdea.org\/en\/author\/lorena-esquinasimdea-org\/"}]}},"_links":{"self":[{"href":"http:\/\/energia.imdea.org\/en\/wp-json\/wp\/v2\/posts\/8629","targetHints":{"allow":["GET"]}}],"collection":[{"href":"http:\/\/energia.imdea.org\/en\/wp-json\/wp\/v2\/posts"}],"about":[{"href":"http:\/\/energia.imdea.org\/en\/wp-json\/wp\/v2\/types\/post"}],"author":[{"embeddable":true,"href":"http:\/\/energia.imdea.org\/en\/wp-json\/wp\/v2\/users\/3"}],"replies":[{"embeddable":true,"href":"http:\/\/energia.imdea.org\/en\/wp-json\/wp\/v2\/comments?post=8629"}],"version-history":[{"count":0,"href":"http:\/\/energia.imdea.org\/en\/wp-json\/wp\/v2\/posts\/8629\/revisions"}],"wp:featuredmedia":[{"embeddable":true,"href":"http:\/\/energia.imdea.org\/en\/wp-json\/wp\/v2\/media\/8627"}],"wp:attachment":[{"href":"http:\/\/energia.imdea.org\/en\/wp-json\/wp\/v2\/media?parent=8629"}],"wp:term":[{"taxonomy":"category","embeddable":true,"href":"http:\/\/energia.imdea.org\/en\/wp-json\/wp\/v2\/categories?post=8629"},{"taxonomy":"post_tag","embeddable":true,"href":"http:\/\/energia.imdea.org\/en\/wp-json\/wp\/v2\/tags?post=8629"}],"curies":[{"name":"wp","href":"https:\/\/api.w.org\/{rel}","templated":true}]}}